{"id":22368,"date":"2026-09-02T16:20:40","date_gmt":"2026-09-02T14:20:40","guid":{"rendered":"https:\/\/solidarnoscpkw.pl\/?p=22368"},"modified":"2026-09-02T16:27:55","modified_gmt":"2026-09-02T14:27:55","slug":"46-rocznica-powstania-nszz-solidarnosc-delegacja-nszz-solidarnosc-zg-sobieski-w-gdansku","status":"publish","type":"post","link":"https:\/\/solidarnoscpkw.pl\/index.php\/artykuly\/artykuly-2021\/46-rocznica-powstania-nszz-solidarnosc-delegacja-nszz-solidarnosc-zg-sobieski-w-gdansku\/","title":{"rendered":"46. rocznica powstania NSZZ \u201eSolidarno\u015b\u0107\u201d"},"content":{"rendered":"\n<p class=\"wp-block-paragraph\"><strong>31 sierpnia 2026 roku w Gda\u0144sku odby\u0142y si\u0119 uroczysto\u015bci 46. rocznicy podpisania Porozumie\u0144 Sierpniowych i powstania NSZZ \u201eSolidarno\u015b\u0107\u201d. W obchodach uczestniczy\u0142 Prezydent Rzeczypospolitej Polskiej Karol Nawrocki, Przewodnicz\u0105cy Komisji Krajowej NSZZ \u201eSolidarno\u015b\u0107\u201d Piotr Duda, przedstawiciele w\u0142adz pa\u0144stwowych i samorz\u0105dowych, bohaterowie Sierpnia 1980, zwi\u0105zkowcy oraz delegacje zak\u0142ad\u00f3w pracy z ca\u0142ej Polski. W\u015br\u00f3d nich znalaz\u0142y si\u0119 r\u00f3wnie\u017c delegacje z Jaworzna, w tym NSZZ \u201eSolidarno\u015b\u0107\u201d Zak\u0142adu G\u00f3rniczego Sobieski, kt\u00f3ra uczestniczy\u0142a w obchodach r\u00f3wnie\u017c w charakterze s\u0142u\u017cby porz\u0105dkowej, wspieraj\u0105c organizacj\u0119 i zabezpieczenie przebiegu uroczysto\u015bci.<\/strong><\/p>\n\n\n\n<!--more-->\n\n\n\n<p class=\"wp-block-paragraph\"><strong>Uroczysto\u015bci w historycznej Sali BHP<\/strong><\/p>\n\n\n\n<p class=\"wp-block-paragraph\">Obchody rozpocz\u0119\u0142y si\u0119 w historycznej Sali BHP Stoczni Gda\u0144skiej, miejscu szczeg\u00f3lnym dla historii Polski i NSZZ \u201eSolidarno\u015b\u0107\u201d. To w\u0142a\u015bnie 31 sierpnia 1980 roku podpisano tutaj Porozumienie Gda\u0144skie, ko\u0144cz\u0105ce strajk w Stoczni Gda\u0144skiej i otwieraj\u0105ce drog\u0119 do powstania niezale\u017cnego zwi\u0105zku zawodowego.<\/p>\n\n\n\n<p class=\"wp-block-paragraph\">Uroczysto\u015b\u0107 rozpocz\u0119\u0142a si\u0119 od wprowadzenia sztandar\u00f3w NSZZ \u201eSolidarno\u015b\u0107\u201d, od\u015bpiewania hymnu pa\u0144stwowego oraz hymnu \u201eSolidarno\u015bci\u201d. Spotkanie zosta\u0142o zawierzone Bo\u017cej Opatrzno\u015bci i wstawiennictwu b\u0142. ks. Jerzego Popie\u0142uszki, patrona NSZZ \u201eSolidarno\u015b\u0107\u201d.<\/p>\n\n\n\n<p class=\"wp-block-paragraph\">W uroczystym posiedzeniu Zarz\u0105du Regionu Gda\u0144skiego NSZZ \u201eSolidarno\u015b\u0107\u201d uczestniczy\u0142 Prezydent RP Karol Nawrocki.<\/p>\n\n\n\n<p class=\"wp-block-paragraph\">W swoim wyst\u0105pieniu Prezydent przypomnia\u0142, \u017ce rocznica jest nie tylko okazj\u0105 do oddania ho\u0142du bohaterom Sierpnia, ale r\u00f3wnie\u017c momentem refleksji nad tym, czym jest dzisiaj idea \u201eSolidarno\u015bci\u201d.<\/p>\n\n\n\n<figure class=\"wp-block-image size-large\"><img loading=\"lazy\" decoding=\"async\" width=\"1024\" height=\"683\" src=\"https:\/\/solidarnoscpkw.pl\/wp-content\/uploads\/2026\/09\/ZEG_3747-1024x683.jpg\" alt=\"\" class=\"wp-image-22334\" srcset=\"https:\/\/solidarnoscpkw.pl\/wp-content\/uploads\/2026\/09\/ZEG_3747-1024x683.jpg 1024w, https:\/\/solidarnoscpkw.pl\/wp-content\/uploads\/2026\/09\/ZEG_3747-300x200.jpg 300w, https:\/\/solidarnoscpkw.pl\/wp-content\/uploads\/2026\/09\/ZEG_3747-768x512.jpg 768w, https:\/\/solidarnoscpkw.pl\/wp-content\/uploads\/2026\/09\/ZEG_3747-1536x1024.jpg 1536w, https:\/\/solidarnoscpkw.pl\/wp-content\/uploads\/2026\/09\/ZEG_3747.jpg 1620w\" sizes=\"auto, (max-width: 767px) 89vw, (max-width: 1000px) 54vw, (max-width: 1071px) 543px, 580px\" \/><\/figure>\n\n\n\n<p class=\"wp-block-paragraph\"><strong><em>\u201eDzisiejsze spotkanie to nie tylko ho\u0142d dla wielkich bohater\u00f3w, cho\u0107 przede wszystkim, ale tak\u017ce g\u0142\u0119bokie pytanie: ile dzisiaj jest Solidarno\u015bci w wolnej i niepodleg\u0142ej Polsce?\u201d<\/em><\/strong><\/p>\n\n\n\n<p class=\"wp-block-paragraph\">Karol Nawrocki wskaza\u0142 r\u00f3wnie\u017c na znaczenie odwagi, kt\u00f3ra towarzyszy\u0142a ludziom \u201eSolidarno\u015bci\u201d w 1980 roku:<\/p>\n\n\n\n<p class=\"wp-block-paragraph\"><strong>\u201eRuch Solidarno\u015bci by\u0142 nurtem odzyskanej odwagi cywilnej, kt\u00f3rej Polska w 2026 roku tak\u017ce potrzebuje, by walczy\u0107 z tym, co z\u0142e.\u201d<\/strong><\/p>\n\n\n\n<p class=\"wp-block-paragraph\">Prezydent podkre\u015bli\u0142, \u017ce wsp\u00f3\u0142czesny NSZZ \u201eSolidarno\u015b\u0107\u201d jest kontynuatorem zwi\u0105zku, kt\u00f3ry narodzi\u0142 si\u0119 w Sierpniu 1980 roku i nadal odgrywa wa\u017cn\u0105 rol\u0119 w \u017cyciu spo\u0142ecznym i gospodarczym kraju.<\/p>\n\n\n\n<p class=\"wp-block-paragraph\">Podczas uroczysto\u015bci Prezydent RP nada\u0142 r\u00f3wnie\u017c Order Or\u0142a Bia\u0142ego Krzysztofowi Wyszkowskiemu, dzia\u0142aczowi opozycji antykomunistycznej i jednej z wa\u017cnych postaci historii \u201eSolidarno\u015bci\u201d.<\/p>\n\n\n\n<figure class=\"wp-block-image size-large\"><img loading=\"lazy\" decoding=\"async\" width=\"1024\" height=\"683\" src=\"https:\/\/solidarnoscpkw.pl\/wp-content\/uploads\/2026\/09\/ZEG_3704-1024x683.jpg\" alt=\"\" class=\"wp-image-22333\" srcset=\"https:\/\/solidarnoscpkw.pl\/wp-content\/uploads\/2026\/09\/ZEG_3704-1024x683.jpg 1024w, https:\/\/solidarnoscpkw.pl\/wp-content\/uploads\/2026\/09\/ZEG_3704-300x200.jpg 300w, https:\/\/solidarnoscpkw.pl\/wp-content\/uploads\/2026\/09\/ZEG_3704-768x512.jpg 768w, https:\/\/solidarnoscpkw.pl\/wp-content\/uploads\/2026\/09\/ZEG_3704-1536x1024.jpg 1536w, https:\/\/solidarnoscpkw.pl\/wp-content\/uploads\/2026\/09\/ZEG_3704.jpg 1620w\" sizes=\"auto, (max-width: 767px) 89vw, (max-width: 1000px) 54vw, (max-width: 1071px) 543px, 580px\" \/><\/figure>\n\n\n\n<p class=\"wp-block-paragraph\"><strong>Piotr Duda: \u201eSolidarno\u015b\u0107\u201d to tak\u017ce stra\u017cnik pami\u0119ci<\/strong><\/p>\n\n\n\n<p class=\"wp-block-paragraph\">Podczas uroczysto\u015bci g\u0142os zabra\u0142 Przewodnicz\u0105cy Komisji Krajowej NSZZ \u201eSolidarno\u015b\u0107\u201d Piotr Duda.<\/p>\n\n\n\n<p class=\"wp-block-paragraph\">Przewodnicz\u0105cy podkre\u015bli\u0142, \u017ce wsp\u00f3\u0142czesna \u201eSolidarno\u015b\u0107\u201d to nie tylko organizacja walcz\u0105ca o prawa pracownik\u00f3w, ale r\u00f3wnie\u017c \u015brodowisko piel\u0119gnuj\u0105ce pami\u0119\u0107 o historii Polski i ludziach, kt\u00f3rzy walczyli o jej wolno\u015b\u0107.<\/p>\n\n\n\n<p class=\"wp-block-paragraph\"><strong><em>\u201eZwi\u0105zkowcy Solidarno\u015bci to nie tylko merytorycznie przygotowani dzia\u0142acze zwi\u0105zkowi powo\u0142ani do tego, aby dba\u0107 o przestrzeganie praw ludzi pracy, ale tak\u017ce kustosze narodowej pami\u0119ci.\u201d<\/em><\/strong><\/p>\n\n\n\n<figure class=\"wp-block-image size-large\"><img loading=\"lazy\" decoding=\"async\" width=\"1024\" height=\"683\" src=\"https:\/\/solidarnoscpkw.pl\/wp-content\/uploads\/2026\/09\/ZEG_3870-1024x683.jpg\" alt=\"\" class=\"wp-image-22335\" srcset=\"https:\/\/solidarnoscpkw.pl\/wp-content\/uploads\/2026\/09\/ZEG_3870-1024x683.jpg 1024w, https:\/\/solidarnoscpkw.pl\/wp-content\/uploads\/2026\/09\/ZEG_3870-300x200.jpg 300w, https:\/\/solidarnoscpkw.pl\/wp-content\/uploads\/2026\/09\/ZEG_3870-768x512.jpg 768w, https:\/\/solidarnoscpkw.pl\/wp-content\/uploads\/2026\/09\/ZEG_3870-1536x1024.jpg 1536w, https:\/\/solidarnoscpkw.pl\/wp-content\/uploads\/2026\/09\/ZEG_3870.jpg 1620w\" sizes=\"auto, (max-width: 767px) 89vw, (max-width: 1000px) 54vw, (max-width: 1071px) 543px, 580px\" \/><\/figure>\n\n\n\n<p class=\"wp-block-paragraph\">Tegoroczne uroczysto\u015bci by\u0142y r\u00f3wnie\u017c okazj\u0105 do przypomnienia, \u017ce warto\u015bci, kt\u00f3re leg\u0142y u podstaw powstania NSZZ \u201eSolidarno\u015b\u0107\u201d, pozostaj\u0105 aktualne.<\/p>\n\n\n\n<p class=\"wp-block-paragraph\"><strong>Referendum w sprawie polityki klimatycznej UE<\/strong><\/p>\n\n\n\n<p class=\"wp-block-paragraph\">Jednym z wa\u017cnych temat\u00f3w obecnych podczas tegorocznych obchod\u00f3w by\u0142a r\u00f3wnie\u017c inicjatywa referendalna NSZZ \u201eSolidarno\u015b\u0107\u201d dotycz\u0105ca polityki klimatycznej Unii Europejskiej.<\/p>\n\n\n\n<p class=\"wp-block-paragraph\">Bezpo\u015brednio przed rozpocz\u0119ciem uroczysto\u015bci w Sali BHP Prezydent RP Karol Nawrocki podpisa\u0142 si\u0119 pod przygotowanym przez NSZZ \u201eSolidarno\u015b\u0107\u201d wnioskiem o przeprowadzenie referendum w sprawie polityki klimatycznej Unii Europejskiej.<\/p>\n\n\n\n<figure class=\"wp-block-image size-large\"><img loading=\"lazy\" decoding=\"async\" width=\"1024\" height=\"683\" src=\"https:\/\/solidarnoscpkw.pl\/wp-content\/uploads\/2026\/09\/ZEG_3565-1024x683.jpg\" alt=\"\" class=\"wp-image-22330\" srcset=\"https:\/\/solidarnoscpkw.pl\/wp-content\/uploads\/2026\/09\/ZEG_3565-1024x683.jpg 1024w, https:\/\/solidarnoscpkw.pl\/wp-content\/uploads\/2026\/09\/ZEG_3565-300x200.jpg 300w, https:\/\/solidarnoscpkw.pl\/wp-content\/uploads\/2026\/09\/ZEG_3565-768x512.jpg 768w, https:\/\/solidarnoscpkw.pl\/wp-content\/uploads\/2026\/09\/ZEG_3565-1536x1024.jpg 1536w, https:\/\/solidarnoscpkw.pl\/wp-content\/uploads\/2026\/09\/ZEG_3565.jpg 1620w\" sizes=\"auto, (max-width: 767px) 89vw, (max-width: 1000px) 54vw, (max-width: 1071px) 543px, 580px\" \/><\/figure>\n\n\n\n<p class=\"wp-block-paragraph\">Prezydent, odnosz\u0105c si\u0119 do inicjatywy, wskaza\u0142 na potrzeb\u0119 zabierania g\u0142osu w sprawach dotycz\u0105cych przysz\u0142o\u015bci Polski i jej obywateli.<\/p>\n\n\n\n<p class=\"wp-block-paragraph\">Do sprawy referendum odni\u00f3s\u0142 si\u0119 r\u00f3wnie\u017c Piotr Duda. Przewodnicz\u0105cy przypomnia\u0142, \u017ce po dwukrotnym odrzuceniu przez Senat prezydenckiego wniosku w sprawie referendum NSZZ \u201eSolidarno\u015b\u0107\u201d kontynuuje dzia\u0142ania poprzez obywatelsk\u0105 inicjatyw\u0119 referendaln\u0105.<\/p>\n\n\n\n<p class=\"wp-block-paragraph\"><strong><em>\u201ePrzegrali\u015bmy bitw\u0119, ale wygramy wojn\u0119. Zbieramy podpisy pod wnioskiem obywatelskim i mamy ich ju\u017c prawie p\u00f3\u0142 miliona.\u201d<\/em><\/strong><\/p>\n\n\n\n<p class=\"wp-block-paragraph\">Podczas wizyty w Gda\u0144sku Prezydent RP swoim podpisem w\u0142\u0105czy\u0142 si\u0119 w obywatelsk\u0105 inicjatyw\u0119 prowadzon\u0105 przez NSZZ \u201eSolidarno\u015b\u0107\u201d.<\/p>\n\n\n\n<p class=\"wp-block-paragraph\"><strong>Pod Bram\u0105 nr 2 Stoczni Gda\u0144skiej<\/strong><\/p>\n\n\n\n<p class=\"wp-block-paragraph\">Kolejnym punktem obchod\u00f3w by\u0142a modlitwa oraz uroczyste z\u0142o\u017cenie kwiat\u00f3w pod historyczn\u0105 Bram\u0105 nr 2 Stoczni Gda\u0144skiej.<\/p>\n\n\n\n<p class=\"wp-block-paragraph\">Uczestnicy przeszli z Sali BHP pod bram\u0119, kt\u00f3ra pozostaje jednym z najwa\u017cniejszych symboli Sierpnia \u201980. To w\u0142a\u015bnie z tym miejscem zwi\u0105zane s\u0105 wydarzenia, kt\u00f3re sta\u0142y si\u0119 pocz\u0105tkiem wielkiego ruchu spo\u0142ecznego prowadz\u0105cego Polsk\u0119 ku wolno\u015bci.<\/p>\n\n\n\n<p class=\"wp-block-paragraph\">Pod Bram\u0105 nr 2 z\u0142o\u017cono kwiaty, oddaj\u0105c ho\u0142d uczestnikom strajku oraz wszystkim osobom, kt\u00f3re swoj\u0105 postaw\u0105 przyczyni\u0142y si\u0119 do powstania NSZZ \u201eSolidarno\u015b\u0107\u201d. W\u015br\u00f3d sk\u0142adaj\u0105cych kwiaty by\u0142 r\u00f3wnie\u017c Prezydent RP Karol Nawrocki.<\/p>\n\n\n\n<p class=\"wp-block-paragraph\"><strong>Jaworznickie delegacje w Gda\u0144sku<\/strong><\/p>\n\n\n\n<p class=\"wp-block-paragraph\">W tegorocznych uroczysto\u015bciach uczestniczy\u0142y jak co roku delegacje z jaworznickich zak\u0142ad\u00f3w pracy.<\/p>\n\n\n\n<p class=\"wp-block-paragraph\">Jaworzno reprezentowali przedstawiciele: Wodoci\u0105g\u00f3w Jaworzno, Urz\u0119du Miejskiego w Jaworznie, DB Schenker Szczakowa, Stra\u017cy Po\u017carnej .<\/p>\n\n\n\n<p class=\"wp-block-paragraph\"><strong>Uroczysta Msza \u015awi\u0119ta w Bazylice \u015bw. Brygidy<\/strong><\/p>\n\n\n\n<p class=\"wp-block-paragraph\">Ostatnim punktem obchod\u00f3w by\u0142a uroczysta Msza \u015awi\u0119ta w Bazylice \u015bw. Brygidy w Gda\u0144sku.<\/p>\n\n\n\n<p class=\"wp-block-paragraph\">Po uroczysto\u015bciach pod Bram\u0105 nr 2 uczestnicy przeszli do \u015bwi\u0105tyni, gdzie o godzinie 18.00 rozpocz\u0119\u0142a si\u0119 Msza \u015awi\u0119ta. ]<\/p>\n\n\n\n<p class=\"wp-block-paragraph\">Msza w Bazylice \u015bw. Brygidy by\u0142a duchowym zwie\u0144czeniem obchod\u00f3w rocznicowych i nawi\u0105zywa\u0142a do wielkiej roli Ko\u015bcio\u0142a oraz duszpasterstwa ludzi pracy w historii \u201eSolidarno\u015bci\u201d.<\/p>\n\n\n\n<p class=\"wp-block-paragraph\">\u017ar\u00f3d\u0142o: Tysol.pl, <\/p>\n\n\n\n<figure class=\"wp-block-gallery has-nested-images columns-default is-cropped wp-block-gallery-1 is-layout-flex wp-block-gallery-is-layout-flex\">\n<figure class=\"wp-block-image size-large\"><img loading=\"lazy\" decoding=\"async\" width=\"1024\" height=\"768\" data-id=\"22338\" src=\"https:\/\/solidarnoscpkw.pl\/wp-content\/uploads\/2026\/09\/20260831_124129-1024x768.jpg\" alt=\"\" class=\"wp-image-22338\" srcset=\"https:\/\/solidarnoscpkw.pl\/wp-content\/uploads\/2026\/09\/20260831_124129-1024x768.jpg 1024w, https:\/\/solidarnoscpkw.pl\/wp-content\/uploads\/2026\/09\/20260831_124129-300x225.jpg 300w, https:\/\/solidarnoscpkw.pl\/wp-content\/uploads\/2026\/09\/20260831_124129-768x576.jpg 768w, https:\/\/solidarnoscpkw.pl\/wp-content\/uploads\/2026\/09\/20260831_124129-1536x1152.jpg 1536w, https:\/\/solidarnoscpkw.pl\/wp-content\/uploads\/2026\/09\/20260831_124129-2048x1536.jpg 2048w\" sizes=\"auto, (max-width: 767px) 89vw, (max-width: 1000px) 54vw, (max-width: 1071px) 543px, 580px\" \/><\/figure>\n\n\n\n<figure class=\"wp-block-image size-large\"><img loading=\"lazy\" decoding=\"async\" width=\"1024\" height=\"768\" data-id=\"22339\" src=\"https:\/\/solidarnoscpkw.pl\/wp-content\/uploads\/2026\/09\/20260831_124152-1024x768.jpg\" alt=\"\" class=\"wp-image-22339\" srcset=\"https:\/\/solidarnoscpkw.pl\/wp-content\/uploads\/2026\/09\/20260831_124152-1024x768.jpg 1024w, https:\/\/solidarnoscpkw.pl\/wp-content\/uploads\/2026\/09\/20260831_124152-300x225.jpg 300w, https:\/\/solidarnoscpkw.pl\/wp-content\/uploads\/2026\/09\/20260831_124152-768x576.jpg 768w, https:\/\/solidarnoscpkw.pl\/wp-content\/uploads\/2026\/09\/20260831_124152-1536x1152.jpg 1536w, https:\/\/solidarnoscpkw.pl\/wp-content\/uploads\/2026\/09\/20260831_124152-2048x1536.jpg 2048w\" sizes=\"auto, (max-width: 767px) 89vw, (max-width: 1000px) 54vw, (max-width: 1071px) 543px, 580px\" \/><\/figure>\n\n\n\n<figure class=\"wp-block-image size-large\"><img loading=\"lazy\" decoding=\"async\" width=\"1024\" height=\"768\" data-id=\"22340\" src=\"https:\/\/solidarnoscpkw.pl\/wp-content\/uploads\/2026\/09\/20260831_124158-1024x768.jpg\" alt=\"\" class=\"wp-image-22340\" srcset=\"https:\/\/solidarnoscpkw.pl\/wp-content\/uploads\/2026\/09\/20260831_124158-1024x768.jpg 1024w, https:\/\/solidarnoscpkw.pl\/wp-content\/uploads\/2026\/09\/20260831_124158-300x225.jpg 300w, https:\/\/solidarnoscpkw.pl\/wp-content\/uploads\/2026\/09\/20260831_124158-768x576.jpg 768w, https:\/\/solidarnoscpkw.pl\/wp-content\/uploads\/2026\/09\/20260831_124158-1536x1152.jpg 1536w, https:\/\/solidarnoscpkw.pl\/wp-content\/uploads\/2026\/09\/20260831_124158-2048x1536.jpg 2048w\" sizes=\"auto, (max-width: 767px) 89vw, (max-width: 1000px) 54vw, (max-width: 1071px) 543px, 580px\" \/><\/figure>\n\n\n\n<figure class=\"wp-block-image size-large\"><img loading=\"lazy\" decoding=\"async\" width=\"1024\" height=\"768\" data-id=\"22341\" src=\"https:\/\/solidarnoscpkw.pl\/wp-content\/uploads\/2026\/09\/20260831_124212-1024x768.jpg\" alt=\"\" class=\"wp-image-22341\" srcset=\"https:\/\/solidarnoscpkw.pl\/wp-content\/uploads\/2026\/09\/20260831_124212-1024x768.jpg 1024w, https:\/\/solidarnoscpkw.pl\/wp-content\/uploads\/2026\/09\/20260831_124212-300x225.jpg 300w, https:\/\/solidarnoscpkw.pl\/wp-content\/uploads\/2026\/09\/20260831_124212-768x576.jpg 768w, https:\/\/solidarnoscpkw.pl\/wp-content\/uploads\/2026\/09\/20260831_124212-1536x1152.jpg 1536w, https:\/\/solidarnoscpkw.pl\/wp-content\/uploads\/2026\/09\/20260831_124212-2048x1536.jpg 2048w\" sizes=\"auto, (max-width: 767px) 89vw, (max-width: 1000px) 54vw, (max-width: 1071px) 543px, 580px\" \/><\/figure>\n\n\n\n<figure class=\"wp-block-image size-large\"><img loading=\"lazy\" decoding=\"async\" width=\"1024\" height=\"768\" data-id=\"22342\" src=\"https:\/\/solidarnoscpkw.pl\/wp-content\/uploads\/2026\/09\/20260831_124216-1024x768.jpg\" alt=\"\" class=\"wp-image-22342\" srcset=\"https:\/\/solidarnoscpkw.pl\/wp-content\/uploads\/2026\/09\/20260831_124216-1024x768.jpg 1024w, https:\/\/solidarnoscpkw.pl\/wp-content\/uploads\/2026\/09\/20260831_124216-300x225.jpg 300w, https:\/\/solidarnoscpkw.pl\/wp-content\/uploads\/2026\/09\/20260831_124216-768x576.jpg 768w, https:\/\/solidarnoscpkw.pl\/wp-content\/uploads\/2026\/09\/20260831_124216-1536x1152.jpg 1536w, https:\/\/solidarnoscpkw.pl\/wp-content\/uploads\/2026\/09\/20260831_124216-2048x1536.jpg 2048w\" sizes=\"auto, (max-width: 767px) 89vw, (max-width: 1000px) 54vw, (max-width: 1071px) 543px, 580px\" \/><\/figure>\n\n\n\n<figure class=\"wp-block-image size-large\"><img loading=\"lazy\" decoding=\"async\" width=\"1024\" height=\"768\" data-id=\"22343\" src=\"https:\/\/solidarnoscpkw.pl\/wp-content\/uploads\/2026\/09\/20260831_124250-1024x768.jpg\" alt=\"\" class=\"wp-image-22343\" srcset=\"https:\/\/solidarnoscpkw.pl\/wp-content\/uploads\/2026\/09\/20260831_124250-1024x768.jpg 1024w, https:\/\/solidarnoscpkw.pl\/wp-content\/uploads\/2026\/09\/20260831_124250-300x225.jpg 300w, https:\/\/solidarnoscpkw.pl\/wp-content\/uploads\/2026\/09\/20260831_124250-768x576.jpg 768w, https:\/\/solidarnoscpkw.pl\/wp-content\/uploads\/2026\/09\/20260831_124250-1536x1152.jpg 1536w, https:\/\/solidarnoscpkw.pl\/wp-content\/uploads\/2026\/09\/20260831_124250-2048x1536.jpg 2048w\" sizes=\"auto, (max-width: 767px) 89vw, (max-width: 1000px) 54vw, (max-width: 1071px) 543px, 580px\" \/><\/figure>\n\n\n\n<figure class=\"wp-block-image size-large\"><img loading=\"lazy\" decoding=\"async\" width=\"1024\" height=\"768\" data-id=\"22344\" src=\"https:\/\/solidarnoscpkw.pl\/wp-content\/uploads\/2026\/09\/20260831_124839-1024x768.jpg\" alt=\"\" class=\"wp-image-22344\" srcset=\"https:\/\/solidarnoscpkw.pl\/wp-content\/uploads\/2026\/09\/20260831_124839-1024x768.jpg 1024w, https:\/\/solidarnoscpkw.pl\/wp-content\/uploads\/2026\/09\/20260831_124839-300x225.jpg 300w, https:\/\/solidarnoscpkw.pl\/wp-content\/uploads\/2026\/09\/20260831_124839-768x576.jpg 768w, https:\/\/solidarnoscpkw.pl\/wp-content\/uploads\/2026\/09\/20260831_124839-1536x1152.jpg 1536w, https:\/\/solidarnoscpkw.pl\/wp-content\/uploads\/2026\/09\/20260831_124839-2048x1536.jpg 2048w\" sizes=\"auto, (max-width: 767px) 89vw, (max-width: 1000px) 54vw, (max-width: 1071px) 543px, 580px\" \/><\/figure>\n\n\n\n<figure class=\"wp-block-image size-large\"><img loading=\"lazy\" decoding=\"async\" width=\"1024\" height=\"768\" data-id=\"22345\" src=\"https:\/\/solidarnoscpkw.pl\/wp-content\/uploads\/2026\/09\/20260831_124843-1024x768.jpg\" alt=\"\" class=\"wp-image-22345\" srcset=\"https:\/\/solidarnoscpkw.pl\/wp-content\/uploads\/2026\/09\/20260831_124843-1024x768.jpg 1024w, https:\/\/solidarnoscpkw.pl\/wp-content\/uploads\/2026\/09\/20260831_124843-300x225.jpg 300w, https:\/\/solidarnoscpkw.pl\/wp-content\/uploads\/2026\/09\/20260831_124843-768x576.jpg 768w, https:\/\/solidarnoscpkw.pl\/wp-content\/uploads\/2026\/09\/20260831_124843-1536x1152.jpg 1536w, https:\/\/solidarnoscpkw.pl\/wp-content\/uploads\/2026\/09\/20260831_124843-2048x1536.jpg 2048w\" sizes=\"auto, (max-width: 767px) 89vw, (max-width: 1000px) 54vw, (max-width: 1071px) 543px, 580px\" \/><\/figure>\n\n\n\n<figure class=\"wp-block-image size-large\"><img loading=\"lazy\" decoding=\"async\" width=\"1024\" height=\"768\" data-id=\"22346\" src=\"https:\/\/solidarnoscpkw.pl\/wp-content\/uploads\/2026\/09\/20260831_124848-1024x768.jpg\" alt=\"\" class=\"wp-image-22346\" srcset=\"https:\/\/solidarnoscpkw.pl\/wp-content\/uploads\/2026\/09\/20260831_124848-1024x768.jpg 1024w, https:\/\/solidarnoscpkw.pl\/wp-content\/uploads\/2026\/09\/20260831_124848-300x225.jpg 300w, https:\/\/solidarnoscpkw.pl\/wp-content\/uploads\/2026\/09\/20260831_124848-768x576.jpg 768w, https:\/\/solidarnoscpkw.pl\/wp-content\/uploads\/2026\/09\/20260831_124848-1536x1152.jpg 1536w, https:\/\/solidarnoscpkw.pl\/wp-content\/uploads\/2026\/09\/20260831_124848-2048x1536.jpg 2048w\" sizes=\"auto, (max-width: 767px) 89vw, (max-width: 1000px) 54vw, (max-width: 1071px) 543px, 580px\" \/><\/figure>\n\n\n\n<figure class=\"wp-block-image size-large\"><img loading=\"lazy\" decoding=\"async\" width=\"1024\" height=\"768\" data-id=\"22347\" src=\"https:\/\/solidarnoscpkw.pl\/wp-content\/uploads\/2026\/09\/20260831_124930-1024x768.jpg\" alt=\"\" class=\"wp-image-22347\" srcset=\"https:\/\/solidarnoscpkw.pl\/wp-content\/uploads\/2026\/09\/20260831_124930-1024x768.jpg 1024w, https:\/\/solidarnoscpkw.pl\/wp-content\/uploads\/2026\/09\/20260831_124930-300x225.jpg 300w, https:\/\/solidarnoscpkw.pl\/wp-content\/uploads\/2026\/09\/20260831_124930-768x576.jpg 768w, https:\/\/solidarnoscpkw.pl\/wp-content\/uploads\/2026\/09\/20260831_124930-1536x1152.jpg 1536w, https:\/\/solidarnoscpkw.pl\/wp-content\/uploads\/2026\/09\/20260831_124930-2048x1536.jpg 2048w\" sizes=\"auto, (max-width: 767px) 89vw, (max-width: 1000px) 54vw, (max-width: 1071px) 543px, 580px\" \/><\/figure>\n\n\n\n<figure class=\"wp-block-image size-large\"><img loading=\"lazy\" decoding=\"async\" width=\"1024\" height=\"768\" data-id=\"22348\" src=\"https:\/\/solidarnoscpkw.pl\/wp-content\/uploads\/2026\/09\/20260831_132020-1024x768.jpg\" alt=\"\" class=\"wp-image-22348\" srcset=\"https:\/\/solidarnoscpkw.pl\/wp-content\/uploads\/2026\/09\/20260831_132020-1024x768.jpg 1024w, https:\/\/solidarnoscpkw.pl\/wp-content\/uploads\/2026\/09\/20260831_132020-300x225.jpg 300w, https:\/\/solidarnoscpkw.pl\/wp-content\/uploads\/2026\/09\/20260831_132020-768x576.jpg 768w, https:\/\/solidarnoscpkw.pl\/wp-content\/uploads\/2026\/09\/20260831_132020-1536x1152.jpg 1536w, https:\/\/solidarnoscpkw.pl\/wp-content\/uploads\/2026\/09\/20260831_132020-2048x1536.jpg 2048w\" sizes=\"auto, (max-width: 767px) 89vw, (max-width: 1000px) 54vw, (max-width: 1071px) 543px, 580px\" \/><\/figure>\n\n\n\n<figure class=\"wp-block-image size-large\"><img loading=\"lazy\" decoding=\"async\" width=\"1024\" height=\"768\" data-id=\"22354\" src=\"https:\/\/solidarnoscpkw.pl\/wp-content\/uploads\/2026\/09\/20260831_143655-1024x768.jpg\" alt=\"\" class=\"wp-image-22354\" srcset=\"https:\/\/solidarnoscpkw.pl\/wp-content\/uploads\/2026\/09\/20260831_143655-1024x768.jpg 1024w, https:\/\/solidarnoscpkw.pl\/wp-content\/uploads\/2026\/09\/20260831_143655-300x225.jpg 300w, https:\/\/solidarnoscpkw.pl\/wp-content\/uploads\/2026\/09\/20260831_143655-768x576.jpg 768w, https:\/\/solidarnoscpkw.pl\/wp-content\/uploads\/2026\/09\/20260831_143655-1536x1152.jpg 1536w, https:\/\/solidarnoscpkw.pl\/wp-content\/uploads\/2026\/09\/20260831_143655-2048x1536.jpg 2048w\" sizes=\"auto, (max-width: 767px) 89vw, (max-width: 1000px) 54vw, (max-width: 1071px) 543px, 580px\" \/><\/figure>\n\n\n\n<figure class=\"wp-block-image size-large\"><img loading=\"lazy\" decoding=\"async\" width=\"1024\" height=\"768\" data-id=\"22353\" src=\"https:\/\/solidarnoscpkw.pl\/wp-content\/uploads\/2026\/09\/20260831_141200-1024x768.jpg\" alt=\"\" class=\"wp-image-22353\" srcset=\"https:\/\/solidarnoscpkw.pl\/wp-content\/uploads\/2026\/09\/20260831_141200-1024x768.jpg 1024w, https:\/\/solidarnoscpkw.pl\/wp-content\/uploads\/2026\/09\/20260831_141200-300x225.jpg 300w, https:\/\/solidarnoscpkw.pl\/wp-content\/uploads\/2026\/09\/20260831_141200-768x576.jpg 768w, https:\/\/solidarnoscpkw.pl\/wp-content\/uploads\/2026\/09\/20260831_141200-1536x1152.jpg 1536w, https:\/\/solidarnoscpkw.pl\/wp-content\/uploads\/2026\/09\/20260831_141200-2048x1536.jpg 2048w\" sizes=\"auto, (max-width: 767px) 89vw, (max-width: 1000px) 54vw, (max-width: 1071px) 543px, 580px\" \/><\/figure>\n\n\n\n<figure class=\"wp-block-image size-large\"><img loading=\"lazy\" decoding=\"async\" width=\"1024\" height=\"768\" data-id=\"22351\" src=\"https:\/\/solidarnoscpkw.pl\/wp-content\/uploads\/2026\/09\/20260831_135412-1024x768.jpg\" alt=\"\" class=\"wp-image-22351\" srcset=\"https:\/\/solidarnoscpkw.pl\/wp-content\/uploads\/2026\/09\/20260831_135412-1024x768.jpg 1024w, https:\/\/solidarnoscpkw.pl\/wp-content\/uploads\/2026\/09\/20260831_135412-300x225.jpg 300w, https:\/\/solidarnoscpkw.pl\/wp-content\/uploads\/2026\/09\/20260831_135412-768x576.jpg 768w, https:\/\/solidarnoscpkw.pl\/wp-content\/uploads\/2026\/09\/20260831_135412-1536x1152.jpg 1536w, https:\/\/solidarnoscpkw.pl\/wp-content\/uploads\/2026\/09\/20260831_135412-2048x1536.jpg 2048w\" sizes=\"auto, (max-width: 767px) 89vw, (max-width: 1000px) 54vw, (max-width: 1071px) 543px, 580px\" \/><\/figure>\n\n\n\n<figure class=\"wp-block-image size-large\"><img loading=\"lazy\" decoding=\"async\" width=\"1024\" height=\"768\" data-id=\"22352\" src=\"https:\/\/solidarnoscpkw.pl\/wp-content\/uploads\/2026\/09\/20260831_135609-1024x768.jpg\" alt=\"\" class=\"wp-image-22352\" srcset=\"https:\/\/solidarnoscpkw.pl\/wp-content\/uploads\/2026\/09\/20260831_135609-1024x768.jpg 1024w, https:\/\/solidarnoscpkw.pl\/wp-content\/uploads\/2026\/09\/20260831_135609-300x225.jpg 300w, https:\/\/solidarnoscpkw.pl\/wp-content\/uploads\/2026\/09\/20260831_135609-768x576.jpg 768w, https:\/\/solidarnoscpkw.pl\/wp-content\/uploads\/2026\/09\/20260831_135609-1536x1152.jpg 1536w, https:\/\/solidarnoscpkw.pl\/wp-content\/uploads\/2026\/09\/20260831_135609-2048x1536.jpg 2048w\" sizes=\"auto, (max-width: 767px) 89vw, (max-width: 1000px) 54vw, (max-width: 1071px) 543px, 580px\" \/><\/figure>\n\n\n\n<figure class=\"wp-block-image size-large\"><img loading=\"lazy\" decoding=\"async\" width=\"1024\" height=\"683\" data-id=\"22332\" src=\"https:\/\/solidarnoscpkw.pl\/wp-content\/uploads\/2026\/09\/ZEG_3662-1024x683.jpg\" alt=\"\" class=\"wp-image-22332\" srcset=\"https:\/\/solidarnoscpkw.pl\/wp-content\/uploads\/2026\/09\/ZEG_3662-1024x683.jpg 1024w, https:\/\/solidarnoscpkw.pl\/wp-content\/uploads\/2026\/09\/ZEG_3662-300x200.jpg 300w, https:\/\/solidarnoscpkw.pl\/wp-content\/uploads\/2026\/09\/ZEG_3662-768x512.jpg 768w, https:\/\/solidarnoscpkw.pl\/wp-content\/uploads\/2026\/09\/ZEG_3662-1536x1024.jpg 1536w, https:\/\/solidarnoscpkw.pl\/wp-content\/uploads\/2026\/09\/ZEG_3662.jpg 1620w\" sizes=\"auto, (max-width: 767px) 89vw, (max-width: 1000px) 54vw, (max-width: 1071px) 543px, 580px\" \/><\/figure>\n\n\n\n<figure class=\"wp-block-image size-large\"><img loading=\"lazy\" decoding=\"async\" width=\"1024\" height=\"683\" data-id=\"22331\" src=\"https:\/\/solidarnoscpkw.pl\/wp-content\/uploads\/2026\/09\/ZEG_3642-1024x683.jpg\" alt=\"\" class=\"wp-image-22331\" srcset=\"https:\/\/solidarnoscpkw.pl\/wp-content\/uploads\/2026\/09\/ZEG_3642-1024x683.jpg 1024w, https:\/\/solidarnoscpkw.pl\/wp-content\/uploads\/2026\/09\/ZEG_3642-300x200.jpg 300w, https:\/\/solidarnoscpkw.pl\/wp-content\/uploads\/2026\/09\/ZEG_3642-768x512.jpg 768w, https:\/\/solidarnoscpkw.pl\/wp-content\/uploads\/2026\/09\/ZEG_3642-1536x1024.jpg 1536w, https:\/\/solidarnoscpkw.pl\/wp-content\/uploads\/2026\/09\/ZEG_3642.jpg 1620w\" sizes=\"auto, (max-width: 767px) 89vw, (max-width: 1000px) 54vw, (max-width: 1071px) 543px, 580px\" \/><\/figure>\n\n\n\n<figure class=\"wp-block-image size-large\"><img loading=\"lazy\" decoding=\"async\" width=\"1024\" height=\"768\" data-id=\"22337\" src=\"https:\/\/solidarnoscpkw.pl\/wp-content\/uploads\/2026\/09\/20260831_124119-1024x768.jpg\" alt=\"\" class=\"wp-image-22337\" srcset=\"https:\/\/solidarnoscpkw.pl\/wp-content\/uploads\/2026\/09\/20260831_124119-1024x768.jpg 1024w, https:\/\/solidarnoscpkw.pl\/wp-content\/uploads\/2026\/09\/20260831_124119-300x225.jpg 300w, https:\/\/solidarnoscpkw.pl\/wp-content\/uploads\/2026\/09\/20260831_124119-768x576.jpg 768w, https:\/\/solidarnoscpkw.pl\/wp-content\/uploads\/2026\/09\/20260831_124119-1536x1152.jpg 1536w, https:\/\/solidarnoscpkw.pl\/wp-content\/uploads\/2026\/09\/20260831_124119-2048x1536.jpg 2048w\" sizes=\"auto, (max-width: 767px) 89vw, (max-width: 1000px) 54vw, (max-width: 1071px) 543px, 580px\" \/><\/figure>\n\n\n\n<figure class=\"wp-block-image size-large\"><img loading=\"lazy\" decoding=\"async\" width=\"1024\" height=\"768\" data-id=\"22349\" src=\"https:\/\/solidarnoscpkw.pl\/wp-content\/uploads\/2026\/09\/20260831_134830-1024x768.jpg\" alt=\"\" class=\"wp-image-22349\" srcset=\"https:\/\/solidarnoscpkw.pl\/wp-content\/uploads\/2026\/09\/20260831_134830-1024x768.jpg 1024w, https:\/\/solidarnoscpkw.pl\/wp-content\/uploads\/2026\/09\/20260831_134830-300x225.jpg 300w, https:\/\/solidarnoscpkw.pl\/wp-content\/uploads\/2026\/09\/20260831_134830-768x576.jpg 768w, https:\/\/solidarnoscpkw.pl\/wp-content\/uploads\/2026\/09\/20260831_134830-1536x1152.jpg 1536w, https:\/\/solidarnoscpkw.pl\/wp-content\/uploads\/2026\/09\/20260831_134830-2048x1536.jpg 2048w\" sizes=\"auto, (max-width: 767px) 89vw, (max-width: 1000px) 54vw, (max-width: 1071px) 543px, 580px\" \/><\/figure>\n\n\n\n<figure class=\"wp-block-image size-large\"><img loading=\"lazy\" decoding=\"async\" width=\"1024\" height=\"768\" data-id=\"22358\" src=\"https:\/\/solidarnoscpkw.pl\/wp-content\/uploads\/2026\/09\/20260831_170107-1024x768.jpg\" alt=\"\" class=\"wp-image-22358\" srcset=\"https:\/\/solidarnoscpkw.pl\/wp-content\/uploads\/2026\/09\/20260831_170107-1024x768.jpg 1024w, https:\/\/solidarnoscpkw.pl\/wp-content\/uploads\/2026\/09\/20260831_170107-300x225.jpg 300w, https:\/\/solidarnoscpkw.pl\/wp-content\/uploads\/2026\/09\/20260831_170107-768x576.jpg 768w, https:\/\/solidarnoscpkw.pl\/wp-content\/uploads\/2026\/09\/20260831_170107-1536x1152.jpg 1536w, https:\/\/solidarnoscpkw.pl\/wp-content\/uploads\/2026\/09\/20260831_170107-2048x1536.jpg 2048w\" sizes=\"auto, (max-width: 767px) 89vw, (max-width: 1000px) 54vw, (max-width: 1071px) 543px, 580px\" \/><\/figure>\n\n\n\n<figure class=\"wp-block-image size-large\"><img loading=\"lazy\" decoding=\"async\" width=\"1024\" height=\"768\" data-id=\"22356\" src=\"https:\/\/solidarnoscpkw.pl\/wp-content\/uploads\/2026\/09\/20260831_165531-1024x768.jpg\" alt=\"\" class=\"wp-image-22356\" srcset=\"https:\/\/solidarnoscpkw.pl\/wp-content\/uploads\/2026\/09\/20260831_165531-1024x768.jpg 1024w, https:\/\/solidarnoscpkw.pl\/wp-content\/uploads\/2026\/09\/20260831_165531-300x225.jpg 300w, https:\/\/solidarnoscpkw.pl\/wp-content\/uploads\/2026\/09\/20260831_165531-768x576.jpg 768w, https:\/\/solidarnoscpkw.pl\/wp-content\/uploads\/2026\/09\/20260831_165531-1536x1152.jpg 1536w, https:\/\/solidarnoscpkw.pl\/wp-content\/uploads\/2026\/09\/20260831_165531-2048x1536.jpg 2048w\" sizes=\"auto, (max-width: 767px) 89vw, (max-width: 1000px) 54vw, (max-width: 1071px) 543px, 580px\" \/><\/figure>\n\n\n\n<figure class=\"wp-block-image size-large\"><img loading=\"lazy\" decoding=\"async\" width=\"1024\" height=\"768\" data-id=\"22360\" src=\"https:\/\/solidarnoscpkw.pl\/wp-content\/uploads\/2026\/09\/20260831_170511-1024x768.jpg\" alt=\"\" class=\"wp-image-22360\" srcset=\"https:\/\/solidarnoscpkw.pl\/wp-content\/uploads\/2026\/09\/20260831_170511-1024x768.jpg 1024w, https:\/\/solidarnoscpkw.pl\/wp-content\/uploads\/2026\/09\/20260831_170511-300x225.jpg 300w, https:\/\/solidarnoscpkw.pl\/wp-content\/uploads\/2026\/09\/20260831_170511-768x576.jpg 768w, https:\/\/solidarnoscpkw.pl\/wp-content\/uploads\/2026\/09\/20260831_170511-1536x1152.jpg 1536w, https:\/\/solidarnoscpkw.pl\/wp-content\/uploads\/2026\/09\/20260831_170511-2048x1536.jpg 2048w\" sizes=\"auto, (max-width: 767px) 89vw, (max-width: 1000px) 54vw, (max-width: 1071px) 543px, 580px\" \/><\/figure>\n\n\n\n<figure class=\"wp-block-image size-large\"><img loading=\"lazy\" decoding=\"async\" width=\"1024\" height=\"768\" data-id=\"22361\" src=\"https:\/\/solidarnoscpkw.pl\/wp-content\/uploads\/2026\/09\/20260831_170825-1024x768.jpg\" alt=\"\" class=\"wp-image-22361\" srcset=\"https:\/\/solidarnoscpkw.pl\/wp-content\/uploads\/2026\/09\/20260831_170825-1024x768.jpg 1024w, https:\/\/solidarnoscpkw.pl\/wp-content\/uploads\/2026\/09\/20260831_170825-300x225.jpg 300w, https:\/\/solidarnoscpkw.pl\/wp-content\/uploads\/2026\/09\/20260831_170825-768x576.jpg 768w, https:\/\/solidarnoscpkw.pl\/wp-content\/uploads\/2026\/09\/20260831_170825-1536x1152.jpg 1536w, https:\/\/solidarnoscpkw.pl\/wp-content\/uploads\/2026\/09\/20260831_170825-2048x1536.jpg 2048w\" sizes=\"auto, (max-width: 767px) 89vw, (max-width: 1000px) 54vw, (max-width: 1071px) 543px, 580px\" \/><\/figure>\n\n\n\n<figure class=\"wp-block-image size-large\"><img loading=\"lazy\" decoding=\"async\" width=\"1024\" height=\"683\" data-id=\"22327\" src=\"https:\/\/solidarnoscpkw.pl\/wp-content\/uploads\/2026\/09\/ZEG_4071-1024x683.jpg\" alt=\"\" class=\"wp-image-22327\" srcset=\"https:\/\/solidarnoscpkw.pl\/wp-content\/uploads\/2026\/09\/ZEG_4071-1024x683.jpg 1024w, https:\/\/solidarnoscpkw.pl\/wp-content\/uploads\/2026\/09\/ZEG_4071-300x200.jpg 300w, https:\/\/solidarnoscpkw.pl\/wp-content\/uploads\/2026\/09\/ZEG_4071-768x512.jpg 768w, https:\/\/solidarnoscpkw.pl\/wp-content\/uploads\/2026\/09\/ZEG_4071-1536x1024.jpg 1536w, https:\/\/solidarnoscpkw.pl\/wp-content\/uploads\/2026\/09\/ZEG_4071.jpg 1620w\" sizes=\"auto, (max-width: 767px) 89vw, (max-width: 1000px) 54vw, (max-width: 1071px) 543px, 580px\" \/><\/figure>\n\n\n\n<figure class=\"wp-block-image size-large\"><img loading=\"lazy\" decoding=\"async\" width=\"1024\" height=\"683\" data-id=\"22326\" src=\"https:\/\/solidarnoscpkw.pl\/wp-content\/uploads\/2026\/09\/ZEG_4070-1024x683.jpg\" alt=\"\" class=\"wp-image-22326\" srcset=\"https:\/\/solidarnoscpkw.pl\/wp-content\/uploads\/2026\/09\/ZEG_4070-1024x683.jpg 1024w, https:\/\/solidarnoscpkw.pl\/wp-content\/uploads\/2026\/09\/ZEG_4070-300x200.jpg 300w, https:\/\/solidarnoscpkw.pl\/wp-content\/uploads\/2026\/09\/ZEG_4070-768x512.jpg 768w, https:\/\/solidarnoscpkw.pl\/wp-content\/uploads\/2026\/09\/ZEG_4070-1536x1024.jpg 1536w, https:\/\/solidarnoscpkw.pl\/wp-content\/uploads\/2026\/09\/ZEG_4070.jpg 1620w\" sizes=\"auto, (max-width: 767px) 89vw, (max-width: 1000px) 54vw, (max-width: 1071px) 543px, 580px\" \/><\/figure>\n\n\n\n<figure class=\"wp-block-image size-large\"><img loading=\"lazy\" decoding=\"async\" width=\"1024\" height=\"768\" data-id=\"22362\" src=\"https:\/\/solidarnoscpkw.pl\/wp-content\/uploads\/2026\/09\/20260831_171810-1024x768.jpg\" alt=\"\" class=\"wp-image-22362\" srcset=\"https:\/\/solidarnoscpkw.pl\/wp-content\/uploads\/2026\/09\/20260831_171810-1024x768.jpg 1024w, https:\/\/solidarnoscpkw.pl\/wp-content\/uploads\/2026\/09\/20260831_171810-300x225.jpg 300w, https:\/\/solidarnoscpkw.pl\/wp-content\/uploads\/2026\/09\/20260831_171810-768x576.jpg 768w, https:\/\/solidarnoscpkw.pl\/wp-content\/uploads\/2026\/09\/20260831_171810-1536x1152.jpg 1536w, https:\/\/solidarnoscpkw.pl\/wp-content\/uploads\/2026\/09\/20260831_171810-2048x1536.jpg 2048w\" sizes=\"auto, (max-width: 767px) 89vw, (max-width: 1000px) 54vw, (max-width: 1071px) 543px, 580px\" \/><\/figure>\n\n\n\n<figure class=\"wp-block-image size-large\"><img loading=\"lazy\" decoding=\"async\" width=\"1024\" height=\"768\" data-id=\"22363\" src=\"https:\/\/solidarnoscpkw.pl\/wp-content\/uploads\/2026\/09\/20260831_171904-1024x768.jpg\" alt=\"\" class=\"wp-image-22363\" srcset=\"https:\/\/solidarnoscpkw.pl\/wp-content\/uploads\/2026\/09\/20260831_171904-1024x768.jpg 1024w, https:\/\/solidarnoscpkw.pl\/wp-content\/uploads\/2026\/09\/20260831_171904-300x225.jpg 300w, https:\/\/solidarnoscpkw.pl\/wp-content\/uploads\/2026\/09\/20260831_171904-768x576.jpg 768w, https:\/\/solidarnoscpkw.pl\/wp-content\/uploads\/2026\/09\/20260831_171904-1536x1152.jpg 1536w, https:\/\/solidarnoscpkw.pl\/wp-content\/uploads\/2026\/09\/20260831_171904-2048x1536.jpg 2048w\" sizes=\"auto, (max-width: 767px) 89vw, (max-width: 1000px) 54vw, (max-width: 1071px) 543px, 580px\" \/><\/figure>\n\n\n\n<figure class=\"wp-block-image size-large\"><img loading=\"lazy\" decoding=\"async\" width=\"1024\" height=\"768\" data-id=\"22364\" src=\"https:\/\/solidarnoscpkw.pl\/wp-content\/uploads\/2026\/09\/20260831_171910-1024x768.jpg\" alt=\"\" class=\"wp-image-22364\" srcset=\"https:\/\/solidarnoscpkw.pl\/wp-content\/uploads\/2026\/09\/20260831_171910-1024x768.jpg 1024w, https:\/\/solidarnoscpkw.pl\/wp-content\/uploads\/2026\/09\/20260831_171910-300x225.jpg 300w, https:\/\/solidarnoscpkw.pl\/wp-content\/uploads\/2026\/09\/20260831_171910-768x576.jpg 768w, https:\/\/solidarnoscpkw.pl\/wp-content\/uploads\/2026\/09\/20260831_171910-1536x1152.jpg 1536w, https:\/\/solidarnoscpkw.pl\/wp-content\/uploads\/2026\/09\/20260831_171910-2048x1536.jpg 2048w\" sizes=\"auto, (max-width: 767px) 89vw, (max-width: 1000px) 54vw, (max-width: 1071px) 543px, 580px\" \/><\/figure>\n\n\n\n<figure class=\"wp-block-image size-large\"><img loading=\"lazy\" decoding=\"async\" width=\"1024\" height=\"768\" data-id=\"22365\" src=\"https:\/\/solidarnoscpkw.pl\/wp-content\/uploads\/2026\/09\/20260831_171924-1024x768.jpg\" alt=\"\" class=\"wp-image-22365\" srcset=\"https:\/\/solidarnoscpkw.pl\/wp-content\/uploads\/2026\/09\/20260831_171924-1024x768.jpg 1024w, https:\/\/solidarnoscpkw.pl\/wp-content\/uploads\/2026\/09\/20260831_171924-300x225.jpg 300w, https:\/\/solidarnoscpkw.pl\/wp-content\/uploads\/2026\/09\/20260831_171924-768x576.jpg 768w, https:\/\/solidarnoscpkw.pl\/wp-content\/uploads\/2026\/09\/20260831_171924-1536x1152.jpg 1536w, https:\/\/solidarnoscpkw.pl\/wp-content\/uploads\/2026\/09\/20260831_171924-2048x1536.jpg 2048w\" sizes=\"auto, (max-width: 767px) 89vw, (max-width: 1000px) 54vw, (max-width: 1071px) 543px, 580px\" \/><\/figure>\n\n\n\n<figure class=\"wp-block-image size-large\"><img loading=\"lazy\" decoding=\"async\" width=\"1024\" height=\"768\" data-id=\"22366\" src=\"https:\/\/solidarnoscpkw.pl\/wp-content\/uploads\/2026\/09\/20260831_172105-1024x768.jpg\" alt=\"\" class=\"wp-image-22366\" srcset=\"https:\/\/solidarnoscpkw.pl\/wp-content\/uploads\/2026\/09\/20260831_172105-1024x768.jpg 1024w, https:\/\/solidarnoscpkw.pl\/wp-content\/uploads\/2026\/09\/20260831_172105-300x225.jpg 300w, https:\/\/solidarnoscpkw.pl\/wp-content\/uploads\/2026\/09\/20260831_172105-768x576.jpg 768w, https:\/\/solidarnoscpkw.pl\/wp-content\/uploads\/2026\/09\/20260831_172105-1536x1152.jpg 1536w, https:\/\/solidarnoscpkw.pl\/wp-content\/uploads\/2026\/09\/20260831_172105-2048x1536.jpg 2048w\" sizes=\"auto, (max-width: 767px) 89vw, (max-width: 1000px) 54vw, (max-width: 1071px) 543px, 580px\" \/><\/figure>\n\n\n\n<figure class=\"wp-block-image size-large\"><img loading=\"lazy\" decoding=\"async\" width=\"1024\" height=\"768\" data-id=\"22367\" src=\"https:\/\/solidarnoscpkw.pl\/wp-content\/uploads\/2026\/09\/20260831_172851-1024x768.jpg\" alt=\"\" class=\"wp-image-22367\" srcset=\"https:\/\/solidarnoscpkw.pl\/wp-content\/uploads\/2026\/09\/20260831_172851-1024x768.jpg 1024w, https:\/\/solidarnoscpkw.pl\/wp-content\/uploads\/2026\/09\/20260831_172851-300x225.jpg 300w, https:\/\/solidarnoscpkw.pl\/wp-content\/uploads\/2026\/09\/20260831_172851-768x576.jpg 768w, https:\/\/solidarnoscpkw.pl\/wp-content\/uploads\/2026\/09\/20260831_172851-1536x1152.jpg 1536w, https:\/\/solidarnoscpkw.pl\/wp-content\/uploads\/2026\/09\/20260831_172851-2048x1536.jpg 2048w\" sizes=\"auto, (max-width: 767px) 89vw, (max-width: 1000px) 54vw, (max-width: 1071px) 543px, 580px\" \/><\/figure>\n\n\n\n<figure class=\"wp-block-image size-large\"><img loading=\"lazy\" decoding=\"async\" width=\"768\" height=\"1024\" data-id=\"22324\" src=\"https:\/\/solidarnoscpkw.pl\/wp-content\/uploads\/2026\/09\/WhatsApp-Image-2026-08-31-at-15.36.15-768x1024.jpeg\" alt=\"\" class=\"wp-image-22324\" srcset=\"https:\/\/solidarnoscpkw.pl\/wp-content\/uploads\/2026\/09\/WhatsApp-Image-2026-08-31-at-15.36.15-768x1024.jpeg 768w, https:\/\/solidarnoscpkw.pl\/wp-content\/uploads\/2026\/09\/WhatsApp-Image-2026-08-31-at-15.36.15-225x300.jpeg 225w, https:\/\/solidarnoscpkw.pl\/wp-content\/uploads\/2026\/09\/WhatsApp-Image-2026-08-31-at-15.36.15-1152x1536.jpeg 1152w, https:\/\/solidarnoscpkw.pl\/wp-content\/uploads\/2026\/09\/WhatsApp-Image-2026-08-31-at-15.36.15.jpeg 1200w\" sizes=\"auto, (max-width: 767px) 89vw, (max-width: 1000px) 54vw, (max-width: 1071px) 543px, 580px\" \/><\/figure>\n\n\n\n<figure class=\"wp-block-image size-large\"><img loading=\"lazy\" decoding=\"async\" width=\"1024\" height=\"683\" data-id=\"22323\" src=\"https:\/\/solidarnoscpkw.pl\/wp-content\/uploads\/2026\/09\/ZEG_4192-1024x683.jpg\" alt=\"\" class=\"wp-image-22323\" srcset=\"https:\/\/solidarnoscpkw.pl\/wp-content\/uploads\/2026\/09\/ZEG_4192-1024x683.jpg 1024w, https:\/\/solidarnoscpkw.pl\/wp-content\/uploads\/2026\/09\/ZEG_4192-300x200.jpg 300w, https:\/\/solidarnoscpkw.pl\/wp-content\/uploads\/2026\/09\/ZEG_4192-768x512.jpg 768w, https:\/\/solidarnoscpkw.pl\/wp-content\/uploads\/2026\/09\/ZEG_4192-1536x1024.jpg 1536w, https:\/\/solidarnoscpkw.pl\/wp-content\/uploads\/2026\/09\/ZEG_4192.jpg 1620w\" sizes=\"auto, (max-width: 767px) 89vw, (max-width: 1000px) 54vw, (max-width: 1071px) 543px, 580px\" \/><\/figure>\n\n\n\n<figure class=\"wp-block-image size-large\"><img loading=\"lazy\" decoding=\"async\" width=\"1024\" height=\"683\" data-id=\"22322\" src=\"https:\/\/solidarnoscpkw.pl\/wp-content\/uploads\/2026\/09\/ZEG_4190-1024x683.jpg\" alt=\"\" class=\"wp-image-22322\" srcset=\"https:\/\/solidarnoscpkw.pl\/wp-content\/uploads\/2026\/09\/ZEG_4190-1024x683.jpg 1024w, https:\/\/solidarnoscpkw.pl\/wp-content\/uploads\/2026\/09\/ZEG_4190-300x200.jpg 300w, https:\/\/solidarnoscpkw.pl\/wp-content\/uploads\/2026\/09\/ZEG_4190-768x512.jpg 768w, https:\/\/solidarnoscpkw.pl\/wp-content\/uploads\/2026\/09\/ZEG_4190-1536x1024.jpg 1536w, https:\/\/solidarnoscpkw.pl\/wp-content\/uploads\/2026\/09\/ZEG_4190.jpg 1620w\" sizes=\"auto, (max-width: 767px) 89vw, (max-width: 1000px) 54vw, (max-width: 1071px) 543px, 580px\" \/><\/figure>\n\n\n\n<figure class=\"wp-block-image size-large\"><img loading=\"lazy\" decoding=\"async\" width=\"1024\" height=\"683\" data-id=\"22321\" src=\"https:\/\/solidarnoscpkw.pl\/wp-content\/uploads\/2026\/09\/ZEG_4165-1024x683.jpg\" alt=\"\" class=\"wp-image-22321\" srcset=\"https:\/\/solidarnoscpkw.pl\/wp-content\/uploads\/2026\/09\/ZEG_4165-1024x683.jpg 1024w, https:\/\/solidarnoscpkw.pl\/wp-content\/uploads\/2026\/09\/ZEG_4165-300x200.jpg 300w, https:\/\/solidarnoscpkw.pl\/wp-content\/uploads\/2026\/09\/ZEG_4165-768x512.jpg 768w, https:\/\/solidarnoscpkw.pl\/wp-content\/uploads\/2026\/09\/ZEG_4165-1536x1024.jpg 1536w, https:\/\/solidarnoscpkw.pl\/wp-content\/uploads\/2026\/09\/ZEG_4165.jpg 1620w\" sizes=\"auto, (max-width: 767px) 89vw, (max-width: 1000px) 54vw, (max-width: 1071px) 543px, 580px\" \/><\/figure>\n\n\n\n<figure class=\"wp-block-image size-large\"><img loading=\"lazy\" decoding=\"async\" width=\"1024\" height=\"683\" data-id=\"22320\" src=\"https:\/\/solidarnoscpkw.pl\/wp-content\/uploads\/2026\/09\/ZEG_4144-1024x683.jpg\" alt=\"\" class=\"wp-image-22320\" srcset=\"https:\/\/solidarnoscpkw.pl\/wp-content\/uploads\/2026\/09\/ZEG_4144-1024x683.jpg 1024w, https:\/\/solidarnoscpkw.pl\/wp-content\/uploads\/2026\/09\/ZEG_4144-300x200.jpg 300w, https:\/\/solidarnoscpkw.pl\/wp-content\/uploads\/2026\/09\/ZEG_4144-768x512.jpg 768w, https:\/\/solidarnoscpkw.pl\/wp-content\/uploads\/2026\/09\/ZEG_4144-1536x1024.jpg 1536w, https:\/\/solidarnoscpkw.pl\/wp-content\/uploads\/2026\/09\/ZEG_4144.jpg 1620w\" sizes=\"auto, (max-width: 767px) 89vw, (max-width: 1000px) 54vw, (max-width: 1071px) 543px, 580px\" \/><\/figure>\n<\/figure>\n","protected":false},"excerpt":{"rendered":"<p>31 sierpnia 2026 roku w Gda\u0144sku odby\u0142y si\u0119 uroczysto\u015bci 46. rocznicy podpisania Porozumie\u0144 Sierpniowych i powstania NSZZ \u201eSolidarno\u015b\u0107\u201d. W obchodach uczestniczy\u0142 Prezydent Rzeczypospolitej Polskiej Karol Nawrocki, Przewodnicz\u0105cy Komisji Krajowej NSZZ \u201eSolidarno\u015b\u0107\u201d Piotr Duda, przedstawiciele w\u0142adz pa\u0144stwowych i samorz\u0105dowych, bohaterowie Sierpnia 1980, zwi\u0105zkowcy oraz delegacje zak\u0142ad\u00f3w pracy z ca\u0142ej Polski. W\u015br\u00f3d nich znalaz\u0142y si\u0119 r\u00f3wnie\u017c delegacje &hellip; <\/p>\n<p class=\"link-more\"><a href=\"https:\/\/solidarnoscpkw.pl\/index.php\/artykuly\/artykuly-2021\/46-rocznica-powstania-nszz-solidarnosc-delegacja-nszz-solidarnosc-zg-sobieski-w-gdansku\/\" class=\"more-link\">Czytaj dalej<span class=\"screen-reader-text\"> \u201e46. rocznica powstania NSZZ \u201eSolidarno\u015b\u0107\u201d\u201d<\/span><\/a><\/p>\n","protected":false},"author":2,"featured_media":22324,"comment_status":"closed","ping_status":"closed","sticky":false,"template":"","format":"standard","meta":{"footnotes":""},"categories":[52],"tags":[],"class_list":["post-22368","post","type-post","status-publish","format-standard","has-post-thumbnail","hentry","category-artykuly-2021"],"views":69,"_links":{"self":[{"href":"https:\/\/solidarnoscpkw.pl\/index.php\/wp-json\/wp\/v2\/posts\/22368","targetHints":{"allow":["GET"]}}],"collection":[{"href":"https:\/\/solidarnoscpkw.pl\/index.php\/wp-json\/wp\/v2\/posts"}],"about":[{"href":"https:\/\/solidarnoscpkw.pl\/index.php\/wp-json\/wp\/v2\/types\/post"}],"author":[{"embeddable":true,"href":"https:\/\/solidarnoscpkw.pl\/index.php\/wp-json\/wp\/v2\/users\/2"}],"replies":[{"embeddable":true,"href":"https:\/\/solidarnoscpkw.pl\/index.php\/wp-json\/wp\/v2\/comments?post=22368"}],"version-history":[{"count":4,"href":"https:\/\/solidarnoscpkw.pl\/index.php\/wp-json\/wp\/v2\/posts\/22368\/revisions"}],"predecessor-version":[{"id":22373,"href":"https:\/\/solidarnoscpkw.pl\/index.php\/wp-json\/wp\/v2\/posts\/22368\/revisions\/22373"}],"wp:featuredmedia":[{"embeddable":true,"href":"https:\/\/solidarnoscpkw.pl\/index.php\/wp-json\/wp\/v2\/media\/22324"}],"wp:attachment":[{"href":"https:\/\/solidarnoscpkw.pl\/index.php\/wp-json\/wp\/v2\/media?parent=22368"}],"wp:term":[{"taxonomy":"category","embeddable":true,"href":"https:\/\/solidarnoscpkw.pl\/index.php\/wp-json\/wp\/v2\/categories?post=22368"},{"taxonomy":"post_tag","embeddable":true,"href":"https:\/\/solidarnoscpkw.pl\/index.php\/wp-json\/wp\/v2\/tags?post=22368"}],"curies":[{"name":"wp","href":"https:\/\/api.w.org\/{rel}","templated":true}]}}